{"id":6616,"date":"2023-01-31T08:00:22","date_gmt":"2023-01-31T07:00:22","guid":{"rendered":"https:\/\/acidmoto.ch\/site\/?p=6616"},"modified":"2024-03-16T02:44:06","modified_gmt":"2024-03-16T01:44:06","slug":"rejoignez-lequipe-de-gbk-motos-ils-recherchent-un-mecanicien","status":"publish","type":"post","link":"https:\/\/acidmoto.ch\/site\/rejoignez-lequipe-de-gbk-motos-ils-recherchent-un-mecanicien\/","title":{"rendered":"Rejoignez l&rsquo;\u00e9quipe de GBK Motos, ils recherchent un m\u00e9canicien"},"content":{"rendered":"<div class=\"wpb-content-wrapper\">[vc_row][vc_column][vc_column_text]\r\n<h3>Si vous \u00eates un m\u00e9canicien moto qualifi\u00e9 et habitez la r\u00e9gion de l&rsquo;arc l\u00e9manique, le garage GBK Motos pourrait bien \u00eatre votre prochain employeur.<\/h3>\r\n[\/vc_column_text][\/vc_column][\/vc_row][vc_row el_id=\u00a0\u00bbnews\u00a0\u00bb][vc_column][vc_empty_space height=\u00a0\u00bb60px\u00a0\u00bb][vc_column_text]\r\n<h2>NEWS<\/h2>\r\n[\/vc_column_text][\/vc_column][\/vc_row][vc_row][vc_column width=\u00a0\u00bb2\/3&Prime;][vc_column_text]GBK Motos, agent exclusif Yamaha \u00e0 Gland, cherche \u00e0 renforcer son \u00e9quipe. Nous avions d\u00e9j\u00e0 parl\u00e9 de ce garage, car ils sont \u00e0 l&rsquo;origine du projet <a href=\"https:\/\/acidmoto.ch\/site\/on-a-essaye-la-yamaha-r7-turbo-video\/\">R7 Turbo <\/a>mais \u00e9galement en raison de leur participation aux <a href=\"https:\/\/acidmoto.ch\/site\/gbk-motos-participe-aux-500-miles-avec-la-yamaha-r7-turbo\/\">500 Miles de Magny Cours<\/a>. Enfin, c&rsquo;est \u00e9galement le seul <a href=\"https:\/\/acidmoto.ch\/cms\/content\/reportage\/2019\/10\/24\/un-blipper-sur-presque-toutes-motos-cest-possible-avec-woolich-racing\">programmateur Woolich Racing<\/a> de la r\u00e9gion, leur engagement pour la moto passion ne fait aucun doute.\r\n\r\nPour les rejoindre, consultez l&rsquo;annonce ci-apr\u00e8s.[\/vc_column_text][\/vc_column][vc_column width=\u00a0\u00bb1\/3&Prime;]<div class=\"my-hello-element\"><!-- Revive Adserver Asynchronous JS Tag -->\n            <ins data-revive-zoneid=\"54\" data-revive-id=\"4d5449d616ecffc89ec43465d94db3b9\"><\/ins>\n            <script async src=\"\/\/adserver.acidmoto.ch\/www\/delivery\/asyncjs.php\"><\/script><\/div>[vc_empty_space][\/vc_column][\/vc_row][vc_row][vc_column width=\u00a0\u00bb1\/3&Prime;]<div class=\"my-hello-element\"><!-- Revive Adserver Asynchronous JS Tag -->\n            <ins data-revive-zoneid=\"56\" data-revive-id=\"4d5449d616ecffc89ec43465d94db3b9\"><\/ins>\n            <script async src=\"\/\/adserver.acidmoto.ch\/www\/delivery\/asyncjs.php\"><\/script><\/div>[vc_empty_space][\/vc_column][vc_column width=\u00a0\u00bb2\/3&Prime;][vc_media_grid element_width=\u00a0\u00bb12&Prime; grid_id=\u00a0\u00bbvc_gid:1674995725984-4d6eb662-e820-2&Prime; include=\u00a0\u00bb6617&Prime;][\/vc_column][\/vc_row][vc_row][vc_column]<div class=\"my-hello-element\"><!-- Revive Adserver Asynchronous JS Tag - Desktop -->\n            <ins data-revive-zoneid=\"55\" data-revive-id=\"4d5449d616ecffc89ec43465d94db3b9\"><\/ins>\n            <script async src=\"\/\/adserver.acidmoto.ch\/www\/delivery\/asyncjs.php\"><\/script><\/div>[\/vc_column][\/vc_row][vc_row disable_element=\u00a0\u00bbyes\u00a0\u00bb el_id=\u00a0\u00bbgal\u00a0\u00bb][vc_column][vc_empty_space height=\u00a0\u00bb60px\u00a0\u00bb][vc_column_text]\r\n<h2>GALERIE<\/h2>\r\n[\/vc_column_text][vc_masonry_media_grid style=\u00a0\u00bbload-more\u00a0\u00bb items_per_page=\u00a0\u00bb12&Prime; element_width=\u00a0\u00bb2&Prime; btn_color=\u00a0\u00bbdefault\u00a0\u00bb grid_id=\u00a0\u00bbvc_gid:1674995725985-7755b22a-b6dd-10&Prime;][\/vc_column][\/vc_row]<!-- \/wp:post-content --><\/div>","protected":false},"excerpt":{"rendered":"<p>[vc_row][vc_column][vc_column_text] Si vous \u00eates un m\u00e9canicien moto qualifi\u00e9 et habitez la r\u00e9gion de l&rsquo;arc l\u00e9manique, le garage GBK Motos pourrait bien \u00eatre votre prochain employeur. [\/vc_column_text][\/vc_column][\/vc_row][vc_row el_id=\u00a0\u00bbnews\u00a0\u00bb][vc_column][vc_empty_space height=\u00a0\u00bb60px\u00a0\u00bb][vc_column_text] NEWS [\/vc_column_text][\/vc_column][\/vc_row][vc_row][vc_column width=\u00a0\u00bb2\/3&Prime;][vc_column_text]GBK Motos, agent exclusif Yamaha \u00e0 Gland, cherche \u00e0 renforcer son \u00e9quipe. Nous avions d\u00e9j\u00e0 parl\u00e9 de ce garage, car ils sont \u00e0 l&rsquo;origine du [&hellip;]<\/p>\n","protected":false},"author":2,"featured_media":6619,"comment_status":"closed","ping_status":"closed","sticky":false,"template":"","format":"standard","meta":{"_monsterinsights_skip_tracking":false,"_monsterinsights_sitenote_active":false,"_monsterinsights_sitenote_note":"","_monsterinsights_sitenote_category":0,"footnotes":""},"categories":[16],"tags":[],"class_list":["post-6616","post","type-post","status-publish","format-standard","has-post-thumbnail","hentry","category-news","xg_marques-yamaha"],"_links":{"self":[{"href":"https:\/\/acidmoto.ch\/site\/wp-json\/wp\/v2\/posts\/6616","targetHints":{"allow":["GET"]}}],"collection":[{"href":"https:\/\/acidmoto.ch\/site\/wp-json\/wp\/v2\/posts"}],"about":[{"href":"https:\/\/acidmoto.ch\/site\/wp-json\/wp\/v2\/types\/post"}],"author":[{"embeddable":true,"href":"https:\/\/acidmoto.ch\/site\/wp-json\/wp\/v2\/users\/2"}],"replies":[{"embeddable":true,"href":"https:\/\/acidmoto.ch\/site\/wp-json\/wp\/v2\/comments?post=6616"}],"version-history":[{"count":3,"href":"https:\/\/acidmoto.ch\/site\/wp-json\/wp\/v2\/posts\/6616\/revisions"}],"predecessor-version":[{"id":6731,"href":"https:\/\/acidmoto.ch\/site\/wp-json\/wp\/v2\/posts\/6616\/revisions\/6731"}],"wp:featuredmedia":[{"embeddable":true,"href":"https:\/\/acidmoto.ch\/site\/wp-json\/wp\/v2\/media\/6619"}],"wp:attachment":[{"href":"https:\/\/acidmoto.ch\/site\/wp-json\/wp\/v2\/media?parent=6616"}],"wp:term":[{"taxonomy":"category","embeddable":true,"href":"https:\/\/acidmoto.ch\/site\/wp-json\/wp\/v2\/categories?post=6616"},{"taxonomy":"post_tag","embeddable":true,"href":"https:\/\/acidmoto.ch\/site\/wp-json\/wp\/v2\/tags?post=6616"}],"curies":[{"name":"wp","href":"https:\/\/api.w.org\/{rel}","templated":true}]}}