{"id":25726,"date":"2026-05-03T07:20:18","date_gmt":"2026-05-03T05:20:18","guid":{"rendered":"https:\/\/acidmoto.ch\/site\/?p=25726"},"modified":"2026-04-29T21:23:35","modified_gmt":"2026-04-29T19:23:35","slug":"hostettler-group-annonce-ledition-2026-de-ses-hoschidays-les-30-et-31-mai-a-sursee","status":"publish","type":"post","link":"https:\/\/acidmoto.ch\/site\/hostettler-group-annonce-ledition-2026-de-ses-hoschidays-les-30-et-31-mai-a-sursee\/","title":{"rendered":"hostettler group annonce l&rsquo;\u00e9dition 2026 de ses hoschidays les 30 et 31 mai \u00e0 Sursee"},"content":{"rendered":"<div class=\"wpb-content-wrapper\"><p>[vc_row][vc_column][vc_column_text css=\u00a0\u00bb\u00a0\u00bb]<\/p>\n<h3>Organis\u00e9 chaque ann\u00e9e \u00e0 Sursee dans le canton de Lucerne, le rendez-vous hoschidays s&rsquo;est impos\u00e9 comme un des plus importants \u00e9v\u00e9nements grand public li\u00e9s au monde des deux-roues en Suisse al\u00e9manique. H\u00f4te des marques distribu\u00e9es par hostettler group, l&rsquo;\u00e9v\u00e9nement rassemble d\u00e9monstrations sportives, essais de v\u00e9hicules et animations familiales sur deux journ\u00e9es. L&rsquo;\u00e9dition 2026 se tiendra les\u00a0<strong>30 et 31 mai<\/strong>, avec entr\u00e9e toujours gratuite.<\/h3>\n<p>[\/vc_column_text][\/vc_column][\/vc_row][vc_row el_id=\u00a0\u00bbnews\u00a0\u00bb][vc_column][vc_empty_space height=\u00a0\u00bb60px\u00a0\u00bb][vc_column_text]<\/p>\n<h2>NEWS<\/h2>\n<p>[\/vc_column_text][\/vc_column][\/vc_row][vc_row][vc_column width=\u00a0\u00bb1\/3&Prime;]<div class=\"my-hello-element\"><!-- Revive Adserver Asynchronous JS Tag -->\n            <ins data-revive-zoneid=\"54\" data-revive-id=\"4d5449d616ecffc89ec43465d94db3b9\"><\/ins>\n            <script async src=\"\/\/adserver.acidmoto.ch\/www\/delivery\/asyncjs.php\"><\/script><\/div>[vc_empty_space][\/vc_column][vc_column width=\u00a0\u00bb2\/3&Prime;][vc_column_text css=\u00a0\u00bb\u00a0\u00bb]Le programme sportif s&rsquo;articule autour de plusieurs spectacles. Danny MacAskill pr\u00e9sentera son show\u00a0Drop and Roll, annonc\u00e9 comme sa seule date suisse en 2026. La discipline FMX sera repr\u00e9sent\u00e9e par Mat Rebeaud et son \u00e9quipe, avec notamment un duo en side-car de motocross qui ex\u00e9cutera un backflip, et une tentative de double backflip par Julien Vanstippen. Le Moto Trial Show de la Circus Trial Crew, le MTB Show du Flying Metal Crew et le BMX Flatland Show de Chris B\u00f6hm compl\u00e8tent l&rsquo;offre. Thibaut Nogues fera ses d\u00e9buts \u00e0 l&rsquo;\u00e9v\u00e9nement avec un show de stunt de rue. Un spectacle d\u00e9di\u00e9 au jeune public sera assur\u00e9 par les F1emy et les Sidecar Girls.[\/vc_column_text][\/vc_column][\/vc_row][vc_row el_id=\u00a0\u00bbGrande image centre\u00a0\u00bb][vc_column][vc_single_image image=\u00a0\u00bb25732&Prime; img_size=\u00a0\u00bbfull\u00a0\u00bb alignment=\u00a0\u00bbcenter\u00a0\u00bb onclick=\u00a0\u00bblink_image\u00a0\u00bb css=\u00a0\u00bb\u00a0\u00bb][\/vc_column][\/vc_row][vc_row][vc_column width=\u00a0\u00bb2\/3&Prime;][vc_column_text css=\u00a0\u00bb\u00a0\u00bb]C\u00f4t\u00e9 d\u00e9couverte produits, les visiteurs pourront tester les mod\u00e8les r\u00e9cents de scooters, motos, v\u00e9los \u00e9lectriques et scooters \u00e9lectriques Yamaha sur un parcours d&rsquo;essai. Les marques distribu\u00e9es par hostettler group seront repr\u00e9sent\u00e9es sur place, avec un \u00e9ventail couvrant v\u00e9hicules, \u00e9quipement et accessoires. La marque ixs fera des d\u00e9monstrations de gonflage de leur airbag avec la technologie In&amp;motion. Une zone est d\u00e9di\u00e9e au pilotage de drones DJI. Les familles disposeront d&rsquo;un mini-cross park, d&rsquo;un pump track, d&rsquo;un ch\u00e2teau gonflable, d&rsquo;un mur d&rsquo;escalade, d&rsquo;un man\u00e8ge, d&rsquo;une game zone, ainsi que d&rsquo;un atelier de maquillage pour enfants. Plusieurs points de restauration seront install\u00e9s sur le site.[\/vc_column_text][vc_column_text css=\u00a0\u00bb\u00a0\u00bb]Plus proche de la date, une liste des pilotes et invit\u00e9s pr\u00e9sents pour signer des autographes sera publi\u00e9e sur le site et les <a href=\"https:\/\/www.instagram.com\/hoschidays\/\">comptes officiels<\/a> de la manifestation.<\/p>\n<p>L&rsquo;\u00e9v\u00e9nement sera ouvert le\u00a0samedi 30 mai de 9 h \u00e0 19 h\u00a0et le\u00a0dimanche 31 mai de 9 h \u00e0 17 h 30. Toutes les informations pratiques sont disponibles sur\u00a0<a href=\"http:\/\/www.hoschidays.ch\/\" target=\"_blank\" rel=\"noopener noreferrer\">www.hoschidays.ch<\/a>.[\/vc_column_text][\/vc_column][vc_column width=\u00a0\u00bb1\/3&Prime;]<div class=\"my-hello-element\"><!-- Revive Adserver Asynchronous JS Tag -->\n            <ins data-revive-zoneid=\"56\" data-revive-id=\"4d5449d616ecffc89ec43465d94db3b9\"><\/ins>\n            <script async src=\"\/\/adserver.acidmoto.ch\/www\/delivery\/asyncjs.php\"><\/script><\/div>[vc_empty_space][\/vc_column][\/vc_row][vc_row][vc_column][vc_masonry_media_grid element_width=\u00a0\u00bb6&Prime; css=\u00a0\u00bb\u00a0\u00bb grid_id=\u00a0\u00bbvc_gid:1777490509777-b6da3505-35e3-9&Prime; include=\u00a0\u00bb25731,25733&Prime;][\/vc_column][\/vc_row][vc_row][vc_column][\/vc_column][\/vc_row][vc_row][vc_column]<div class=\"my-hello-element\"><!-- Revive Adserver Asynchronous JS Tag - Desktop -->\n            <ins data-revive-zoneid=\"55\" data-revive-id=\"4d5449d616ecffc89ec43465d94db3b9\"><\/ins>\n            <script async src=\"\/\/adserver.acidmoto.ch\/www\/delivery\/asyncjs.php\"><\/script><\/div>[vc_empty_space][\/vc_column][\/vc_row][vc_row el_id=\u00a0\u00bbgal\u00a0\u00bb][vc_column][vc_empty_space height=\u00a0\u00bb60px\u00a0\u00bb][vc_column_text]<\/p>\n<h2>GALERIE<\/h2>\n<p>[\/vc_column_text][vc_masonry_media_grid style=\u00a0\u00bblazy\u00a0\u00bb element_width=\u00a0\u00bb2&Prime; css=\u00a0\u00bb\u00a0\u00bb grid_id=\u00a0\u00bbvc_gid:1777490509778-a9b19480-0146-3&Prime; include=\u00a0\u00bb25730,25731,25732,25733&Prime;][\/vc_column][\/vc_row]<\/p>\n<\/div>","protected":false},"excerpt":{"rendered":"<p>[vc_row][vc_column][vc_column_text css=\u00a0\u00bb\u00a0\u00bb] Organis\u00e9 chaque ann\u00e9e \u00e0 Sursee dans le canton de Lucerne, le rendez-vous hoschidays s&rsquo;est impos\u00e9 comme un des plus importants \u00e9v\u00e9nements grand public li\u00e9s au monde des deux-roues en Suisse al\u00e9manique. H\u00f4te des marques distribu\u00e9es par hostettler group, l&rsquo;\u00e9v\u00e9nement rassemble d\u00e9monstrations sportives, essais de v\u00e9hicules et animations familiales sur deux journ\u00e9es. L&rsquo;\u00e9dition 2026 [&hellip;]<\/p>\n","protected":false},"author":2,"featured_media":25730,"comment_status":"closed","ping_status":"closed","sticky":false,"template":"","format":"standard","meta":{"_monsterinsights_skip_tracking":false,"_monsterinsights_sitenote_active":false,"_monsterinsights_sitenote_note":"","_monsterinsights_sitenote_category":0,"footnotes":""},"categories":[295,16],"tags":[731],"class_list":["post-25726","post","type-post","status-publish","format-standard","has-post-thumbnail","hentry","category-evenement","category-news","tag-731","xg_marques-dji","xg_marques-hostettler","xg_marques-hostettler-group-ag","xg_marques-ixs","xg_marques-motul","xg_marques-yamaha"],"_links":{"self":[{"href":"https:\/\/acidmoto.ch\/site\/wp-json\/wp\/v2\/posts\/25726","targetHints":{"allow":["GET"]}}],"collection":[{"href":"https:\/\/acidmoto.ch\/site\/wp-json\/wp\/v2\/posts"}],"about":[{"href":"https:\/\/acidmoto.ch\/site\/wp-json\/wp\/v2\/types\/post"}],"author":[{"embeddable":true,"href":"https:\/\/acidmoto.ch\/site\/wp-json\/wp\/v2\/users\/2"}],"replies":[{"embeddable":true,"href":"https:\/\/acidmoto.ch\/site\/wp-json\/wp\/v2\/comments?post=25726"}],"version-history":[{"count":7,"href":"https:\/\/acidmoto.ch\/site\/wp-json\/wp\/v2\/posts\/25726\/revisions"}],"predecessor-version":[{"id":25738,"href":"https:\/\/acidmoto.ch\/site\/wp-json\/wp\/v2\/posts\/25726\/revisions\/25738"}],"wp:featuredmedia":[{"embeddable":true,"href":"https:\/\/acidmoto.ch\/site\/wp-json\/wp\/v2\/media\/25730"}],"wp:attachment":[{"href":"https:\/\/acidmoto.ch\/site\/wp-json\/wp\/v2\/media?parent=25726"}],"wp:term":[{"taxonomy":"category","embeddable":true,"href":"https:\/\/acidmoto.ch\/site\/wp-json\/wp\/v2\/categories?post=25726"},{"taxonomy":"post_tag","embeddable":true,"href":"https:\/\/acidmoto.ch\/site\/wp-json\/wp\/v2\/tags?post=25726"}],"curies":[{"name":"wp","href":"https:\/\/api.w.org\/{rel}","templated":true}]}}