{"id":25596,"date":"2026-04-28T17:41:10","date_gmt":"2026-04-28T15:41:10","guid":{"rendered":"https:\/\/acidmoto.ch\/site\/?p=25596"},"modified":"2026-04-28T17:53:00","modified_gmt":"2026-04-28T15:53:00","slug":"9-et-10-mai-2026-rendez-vous-aux-ge-test-a-carouge","status":"publish","type":"post","link":"https:\/\/acidmoto.ch\/site\/9-et-10-mai-2026-rendez-vous-aux-ge-test-a-carouge\/","title":{"rendered":"9  et 10 mai 2026 : rendez-vous aux GE-TEST \u00e0 Carouge"},"content":{"rendered":"<div class=\"wpb-content-wrapper\"><p>[vc_row][vc_column][vc_column_text css=\u00a0\u00bb\u00a0\u00bb]<\/p>\n<h3 data-pm-slice=\"1 1 []\"><strong>Les 9 et 10 mai prochains, le GE-Test reprend ses quartiers sur le site de l&rsquo;<\/strong>Office cantonal des v\u00e9hicules (OCV) \u00e0 Carouge. <strong>Ce week-end d\u2019essais moto est organis\u00e9 par l\u2019association 2 Roues Gen\u00e8ve, qui r\u00e9unit les enseignes de la r\u00e9gion autour d\u2019un \u00e9v\u00e9nement accessible \u00e0 tous.<\/strong><\/h3>\n<p>[\/vc_column_text][\/vc_column][\/vc_row][vc_row el_id=\u00a0\u00bbnews\u00a0\u00bb][vc_column][vc_empty_space height=\u00a0\u00bb60px\u00a0\u00bb][vc_column_text]<\/p>\n<h2>NEWS<\/h2>\n<p>[\/vc_column_text][\/vc_column][\/vc_row][vc_row][vc_column width=\u00a0\u00bb1\/3&Prime;]<div class=\"my-hello-element\"><!-- Revive Adserver Asynchronous JS Tag -->\n            <ins data-revive-zoneid=\"54\" data-revive-id=\"4d5449d616ecffc89ec43465d94db3b9\"><\/ins>\n            <script async src=\"\/\/adserver.acidmoto.ch\/www\/delivery\/asyncjs.php\"><\/script><\/div>[vc_empty_space][\/vc_column][vc_column width=\u00a0\u00bb2\/3&Prime;][vc_column_text css=\u00a0\u00bb\u00a0\u00bb]<\/p>\n<p data-pm-slice=\"1 1 []\">L\u2019objectif reste le m\u00eame : permettre aux motards, futurs motards ou simples curieux de tester gratuitement une grande vari\u00e9t\u00e9 de motos et scooters, dans un cadre r\u00e9unissant de nombreux mod\u00e8les. Les essais sont ouverts \u00e0 tous les titulaires d\u2019un permis adapt\u00e9 et se d\u00e9roulent sans r\u00e9servation pr\u00e9alable. Il suffit de s&rsquo;inscrire sur le site et de se pr\u00e9senter sur place avec son permis et un \u00e9quipement complet pour avoir acc\u00e8s aux cr\u00e9neaux disponibles.<\/p>\n<p>[\/vc_column_text][\/vc_column][\/vc_row][vc_row el_id=\u00a0\u00bbGrande image centre\u00a0\u00bb][vc_column][vc_single_image image=\u00a0\u00bb25601&Prime; img_size=\u00a0\u00bbfull\u00a0\u00bb alignment=\u00a0\u00bbcenter\u00a0\u00bb onclick=\u00a0\u00bblink_image\u00a0\u00bb css=\u00a0\u00bb\u00a0\u00bb][\/vc_column][\/vc_row][vc_row][vc_column][\/vc_column][\/vc_row][vc_row][vc_column width=\u00a0\u00bb2\/3&Prime;][vc_row_inner][vc_column_inner width=\u00a0\u00bb1\/2&Prime;][vc_column_text css=\u00a0\u00bb\u00a0\u00bb]Les marques de motos pr\u00e9sentes sont les suivantes :<\/p>\n<ul>\n<li>Aprilia<\/li>\n<li>BMW Motorrad<\/li>\n<li>CF Moto<\/li>\n<li>Ducati<\/li>\n<li>Fantic<\/li>\n<li>Harley-Davidson<\/li>\n<li>Honda<\/li>\n<li>Husqvarna*<\/li>\n<li>Indian<\/li>\n<li>Kawasaki<\/li>\n<\/ul>\n<p>[\/vc_column_text][\/vc_column_inner][vc_column_inner width=\u00a0\u00bb1\/2&Prime;][vc_column_text css=\u00a0\u00bb\u00a0\u00bb]<\/p>\n<ul>\n<li>Kove<\/li>\n<li>KTM<\/li>\n<li>Moto Guzzi<\/li>\n<li>MV Agusta*<\/li>\n<li>Stark<\/li>\n<li>Rieju<\/li>\n<li>Suzuki<\/li>\n<li>Triumph<\/li>\n<li>Voge<\/li>\n<li>Yamaha<\/li>\n<li>Zero<\/li>\n<li>Zontes<\/li>\n<\/ul>\n<p>*motos que en expo.[\/vc_column_text][\/vc_column_inner][\/vc_row_inner][vc_column_text css=\u00a0\u00bb\u00a0\u00bb]L&rsquo;inscription se fait contre paiement de 10.- pour couvrir les frais engag\u00e9s pour cet \u00e9v\u00e9nement, le plus grand du genre en Suisse Romande. Il donne ensuite droit \u00e0 un maximum de 5 essais jusqu&rsquo;\u00e0 la fin de l&rsquo;\u00e9v\u00e9nement (sans garantie ni remboursement). Seuls les titulaires d&rsquo;un permis de conduire Suisse peuvent prendre part aux essais.[\/vc_column_text][\/vc_column][vc_column width=\u00a0\u00bb1\/3&Prime;]<div class=\"my-hello-element\"><!-- Revive Adserver Asynchronous JS Tag -->\n            <ins data-revive-zoneid=\"56\" data-revive-id=\"4d5449d616ecffc89ec43465d94db3b9\"><\/ins>\n            <script async src=\"\/\/adserver.acidmoto.ch\/www\/delivery\/asyncjs.php\"><\/script><\/div>[vc_empty_space][\/vc_column][\/vc_row][vc_row][vc_column][vc_raw_html css=\u00a0\u00bb\u00a0\u00bb]JTNDaWZyYW1lJTIwd2lkdGglM0QlMjIxMDAlMjUlMjIlMjBoZWlnaHQlM0QlMjIzMDBweCUyMiUyMGZyYW1lYm9yZGVyJTNEJTIyMCUyMiUyMGFsbG93ZnVsbHNjcmVlbiUyMGFsbG93JTNEJTIyZ2VvbG9jYXRpb24lMjIlMjBzcmMlM0QlMjIlMkYlMkZ1bWFwLm9zbS5jaCUyRmZyJTJGbWFwJTJGZ2UtdGVzdF83MTYwJTNGc2NhbGVDb250cm9sJTNEZmFsc2UlMjZtaW5pTWFwJTNEZmFsc2UlMjZzY3JvbGxXaGVlbFpvb20lM0RmYWxzZSUyNnpvb21Db250cm9sJTNEdHJ1ZSUyNmVkaXRNb2RlJTNEZGlzYWJsZWQlMjZtb3JlQ29udHJvbCUzRHRydWUlMjZzZWFyY2hDb250cm9sJTNEbnVsbCUyNnRpbGVsYXllcnNDb250cm9sJTNEbnVsbCUyNmVtYmVkQ29udHJvbCUzRG51bGwlMjZkYXRhbGF5ZXJzQ29udHJvbCUzRHRydWUlMjZvbkxvYWRQYW5lbCUzRG5vbmUlMjZjYXB0aW9uQmFyJTNEZmFsc2UlMjZjYXB0aW9uTWVudXMlM0R0cnVlJTIyJTNFJTNDJTJGaWZyYW1lJTNFJTNDcCUzRSUzQ2ElMjBocmVmJTNEJTIyJTJGJTJGdW1hcC5vc20uY2glMkZmciUyRm1hcCUyRmdlLXRlc3RfNzE2MCUzRnNjYWxlQ29udHJvbCUzRGZhbHNlJTI2bWluaU1hcCUzRGZhbHNlJTI2c2Nyb2xsV2hlZWxab29tJTNEdHJ1ZSUyNnpvb21Db250cm9sJTNEdHJ1ZSUyNmVkaXRNb2RlJTNEZGlzYWJsZWQlMjZtb3JlQ29udHJvbCUzRHRydWUlMjZzZWFyY2hDb250cm9sJTNEbnVsbCUyNnRpbGVsYXllcnNDb250cm9sJTNEbnVsbCUyNmVtYmVkQ29udHJvbCUzRG51bGwlMjZkYXRhbGF5ZXJzQ29udHJvbCUzRHRydWUlMjZvbkxvYWRQYW5lbCUzRG5vbmUlMjZjYXB0aW9uQmFyJTNEZmFsc2UlMjZjYXB0aW9uTWVudXMlM0R0cnVlJTIyJTNFVm9pciUyMGVuJTIwcGxlaW4lMjAlQzMlQTljcmFuJTNDJTJGYSUzRSUzQyUyRnAlM0U=[\/vc_raw_html][\/vc_column][\/vc_row][vc_row][vc_column][vc_column_text css=\u00a0\u00bb\u00a0\u00bb]Si la m\u00e9t\u00e9o annonce deux journ\u00e9es d&rsquo;intemp\u00e9ries, l&rsquo;\u00e9v\u00e9nement pourrait \u00eatre annul\u00e9. L\u2019annonce sera faite au plus tard mardi 5 mai 2026 \u00e0 20 h, sur <a href=\"https:\/\/ge-test.ch\/\">le site<\/a> et par courrier \u00e9lectronique pour ceux qui seront inscrits. D&rsquo;o\u00f9 l&rsquo;importance de proc\u00e9der d\u00e8s maintenant \u00e0 <a href=\"https:\/\/sge.ge-test.ch\/inscription\">son enregistrement sur le site de l&rsquo;\u00e9v\u00e9nement<\/a>.<\/p>\n<p>Les essais se feront samedi 9 mai 2025 de 9 h \u00e0 17 h et dimanche 10 mai 2025 de 9 h \u00e0 17 h. Le trajet d&rsquo;essai est balis\u00e9 et dure environ 20 minutes. Attention, c&rsquo;est sur route ouverte, le respect des r\u00e8gles de circulation est primordial.<\/p>\n<p>Retrouvez sur place \u00e0 boire et \u00e0 manger aux buvettes tenues par G\u00e9n\u00e9ration 2 Motards et Norton Sport Club. Paiement possible en esp\u00e8ces (CHF) et par carte.<\/p>\n<p data-pm-slice=\"1 1 []\">Toutes les informations utiles sont disponibles sur <a href=\"https:\/\/www.ge-test.ch\/\">www.ge-test.ch<\/a>.<\/p>\n<p>[\/vc_column_text][\/vc_column][\/vc_row][vc_row][vc_column]<div class=\"my-hello-element\"><!-- Revive Adserver Asynchronous JS Tag - Desktop -->\n            <ins data-revive-zoneid=\"55\" data-revive-id=\"4d5449d616ecffc89ec43465d94db3b9\"><\/ins>\n            <script async src=\"\/\/adserver.acidmoto.ch\/www\/delivery\/asyncjs.php\"><\/script><\/div>[vc_empty_space][\/vc_column][\/vc_row]<\/p>\n<\/div>","protected":false},"excerpt":{"rendered":"<p>[vc_row][vc_column][vc_column_text css=\u00a0\u00bb\u00a0\u00bb] Les 9 et 10 mai prochains, le GE-Test reprend ses quartiers sur le site de l&rsquo;Office cantonal des v\u00e9hicules (OCV) \u00e0 Carouge. Ce week-end d\u2019essais moto est organis\u00e9 par l\u2019association 2 Roues Gen\u00e8ve, qui r\u00e9unit les enseignes de la r\u00e9gion autour d\u2019un \u00e9v\u00e9nement accessible \u00e0 tous. [\/vc_column_text][\/vc_column][\/vc_row][vc_row el_id=\u00a0\u00bbnews\u00a0\u00bb][vc_column][vc_empty_space height=\u00a0\u00bb60px\u00a0\u00bb][vc_column_text] NEWS [\/vc_column_text][\/vc_column][\/vc_row][vc_row][vc_column width=\u00a0\u00bb1\/3&Prime;][vc_empty_space][\/vc_column][vc_column width=\u00a0\u00bb2\/3&Prime;][vc_column_text [&hellip;]<\/p>\n","protected":false},"author":2,"featured_media":25601,"comment_status":"closed","ping_status":"closed","sticky":false,"template":"","format":"standard","meta":{"_monsterinsights_skip_tracking":false,"_monsterinsights_sitenote_active":false,"_monsterinsights_sitenote_note":"","_monsterinsights_sitenote_category":0,"footnotes":""},"categories":[295,16],"tags":[588],"class_list":["post-25596","post","type-post","status-publish","format-standard","has-post-thumbnail","hentry","category-evenement","category-news","tag-588","xg_marques-2-roues-geneve"],"_links":{"self":[{"href":"https:\/\/acidmoto.ch\/site\/wp-json\/wp\/v2\/posts\/25596","targetHints":{"allow":["GET"]}}],"collection":[{"href":"https:\/\/acidmoto.ch\/site\/wp-json\/wp\/v2\/posts"}],"about":[{"href":"https:\/\/acidmoto.ch\/site\/wp-json\/wp\/v2\/types\/post"}],"author":[{"embeddable":true,"href":"https:\/\/acidmoto.ch\/site\/wp-json\/wp\/v2\/users\/2"}],"replies":[{"embeddable":true,"href":"https:\/\/acidmoto.ch\/site\/wp-json\/wp\/v2\/comments?post=25596"}],"version-history":[{"count":6,"href":"https:\/\/acidmoto.ch\/site\/wp-json\/wp\/v2\/posts\/25596\/revisions"}],"predecessor-version":[{"id":25603,"href":"https:\/\/acidmoto.ch\/site\/wp-json\/wp\/v2\/posts\/25596\/revisions\/25603"}],"wp:featuredmedia":[{"embeddable":true,"href":"https:\/\/acidmoto.ch\/site\/wp-json\/wp\/v2\/media\/25601"}],"wp:attachment":[{"href":"https:\/\/acidmoto.ch\/site\/wp-json\/wp\/v2\/media?parent=25596"}],"wp:term":[{"taxonomy":"category","embeddable":true,"href":"https:\/\/acidmoto.ch\/site\/wp-json\/wp\/v2\/categories?post=25596"},{"taxonomy":"post_tag","embeddable":true,"href":"https:\/\/acidmoto.ch\/site\/wp-json\/wp\/v2\/tags?post=25596"}],"curies":[{"name":"wp","href":"https:\/\/api.w.org\/{rel}","templated":true}]}}