{"id":23606,"date":"2025-11-12T08:00:55","date_gmt":"2025-11-12T07:00:55","guid":{"rendered":"https:\/\/acidmoto.ch\/site\/?p=23606"},"modified":"2025-11-10T09:53:30","modified_gmt":"2025-11-10T08:53:30","slug":"occaz-motard-la-boutique-pour-sequiper-malin-ou-donner-une-deuxieme-vie-a-son-equipement","status":"publish","type":"post","link":"https:\/\/acidmoto.ch\/site\/occaz-motard-la-boutique-pour-sequiper-malin-ou-donner-une-deuxieme-vie-a-son-equipement\/","title":{"rendered":"Occaz-motard : la boutique pour s&rsquo;\u00e9quiper malin ou donner une deuxi\u00e8me vie \u00e0 son \u00e9quipement"},"content":{"rendered":"<div class=\"wpb-content-wrapper\"><p>[vc_row][vc_column][vc_column_text css=\u00a0\u00bb\u00a0\u00bb]<\/p>\n<h3>Dans la commune de Gibloux, \u00e0 <a href=\"https:\/\/maps.app.goo.gl\/V5SF43SJDjZVJVsB7\">Vuisternens en Ogoz<\/a>, on trouve un magasin unique en Suisse et m\u00eame en Europe si on en croit ce qui est \u00e9crit sur la devanture. Ici est am\u00e9nag\u00e9e une boutique d\u00e9di\u00e9e aux \u00e9quipements moto. D\u00e8s qu&rsquo;on passe la porte, le tutoiement est de rigueur, comme nous l&rsquo;indique S\u00e9bastien, le patron des lieux. Mais ici, le stock est particulier, vous saurez pourquoi.<\/h3>\n<p>[\/vc_column_text][\/vc_column][\/vc_row][vc_row el_id=\u00a0\u00bbreportage\u00a0\u00bb][vc_column][vc_empty_space height=\u00a0\u00bb60px\u00a0\u00bb][vc_column_text css=\u00a0\u00bb\u00a0\u00bb]<\/p>\n<h2>REPORTAGE<\/h2>\n<p>[\/vc_column_text][\/vc_column][\/vc_row][vc_row][vc_column width=\u00a0\u00bb1\/3&Prime;]<div class=\"my-hello-element\"><!-- Revive Adserver Asynchronous JS Tag -->\n            <ins data-revive-zoneid=\"54\" data-revive-id=\"4d5449d616ecffc89ec43465d94db3b9\"><\/ins>\n            <script async src=\"\/\/adserver.acidmoto.ch\/www\/delivery\/asyncjs.php\"><\/script><\/div>[vc_empty_space][\/vc_column][vc_column width=\u00a0\u00bb2\/3&Prime;][vc_column_text css=\u00a0\u00bb\u00a0\u00bb]Occaz-motard, c&rsquo;est une boutique de seconde main o\u00f9 les motards peuvent s&rsquo;\u00e9quiper \u00e0 prix malin. Que ce soit un nouveau motard, jeune ou pas, qui prend ses premiers \u00e9quipements, ou un motard confirm\u00e9 qui m\u00e9nage son budget, tout le monde est le bienvenu. Lors de ma visite, plus de 800 articles sont pr\u00e9sent\u00e9s dans les diff\u00e9rents univers : cuir, textile, pantalon kevlar, \u00e9quipement de pluie, tout un c\u00f4t\u00e9 pour les femmes et un peu de offroad.[\/vc_column_text][\/vc_column][\/vc_row][vc_row el_id=\u00a0\u00bbGrande image centre\u00a0\u00bb][vc_column][vc_single_image image=\u00a0\u00bb23618&Prime; img_size=\u00a0\u00bbfull\u00a0\u00bb alignment=\u00a0\u00bbcenter\u00a0\u00bb onclick=\u00a0\u00bblink_image\u00a0\u00bb css=\u00a0\u00bb\u00a0\u00bb][\/vc_column][\/vc_row][vc_row][vc_column][vc_masonry_media_grid css=\u00a0\u00bb\u00a0\u00bb grid_id=\u00a0\u00bbvc_gid:1762764584090-0ea36423-e3b6-7&Prime; include=\u00a0\u00bb23614,23615,23607&Prime;][\/vc_column][\/vc_row][vc_row][vc_column width=\u00a0\u00bb2\/3&Prime;][vc_column_text css=\u00a0\u00bb\u00a0\u00bb]Les \u00e9quipements \u00e0 vendre ici n&rsquo;appartiennent pas \u00e0 S\u00e9bastien, il est le conseiller pour les clients mais aussi le gardien de ce tr\u00e9sor confi\u00e9 par d&rsquo;autres clients ! Durant la semaine, on peut venir y pr\u00e9senter des \u00e9quipements en bon \u00e9tat qu&rsquo;on souhaite vendre. Ils sont minutieusement contr\u00f4l\u00e9s avant d&rsquo;\u00eatre accept\u00e9s. Un prix de vente est recommand\u00e9, on peut raisonnablement l&rsquo;ajuster selon ses attentes, puis les v\u00eatements seront mis en rayon.<\/p>\n<p>Il y a parfois des surprises, comme explique S\u00e9bastient : \u00ab\u00a0<em>il y a actuellement en rayon un gilet airbag Held, technologie In&amp;Motion avec boitier activ\u00e9 \u00e0 vie (sans mises \u00e0 jour). Le bo\u00eetier seul vaut 400.- car n&rsquo;a plus besoin d&rsquo;abonnement. Le gilet serait 150.- \u00e0 200.- de plus. Prix de vente ? 100.-. Le client qui l&rsquo;a d\u00e9pos\u00e9 car il arr\u00eate la moto et souhaite qu&rsquo;un autre puisse profiter de ce surplus de protection \u00e0 moindre co\u00fbt.<\/em>\u00a0\u00bb<\/p>\n<p>Ce genre d&rsquo;histoire n&rsquo;est pas isol\u00e9e, les motards sont solidaires et ouverts au partage. Le patron s&rsquo;en est fait une mission, il faut sensibiliser les utilisateurs de deux-roues \u00e0 l&rsquo;importance de s&rsquo;\u00e9quiper convenablement. Et pas que les jeunes permis qui doivent se pr\u00e9senter l&rsquo;\u00e9preuve pratique avec du mat\u00e9riel homologu\u00e9.[\/vc_column_text][\/vc_column][vc_column width=\u00a0\u00bb1\/3&Prime;]<div class=\"my-hello-element\"><!-- Revive Adserver Asynchronous JS Tag -->\n            <ins data-revive-zoneid=\"56\" data-revive-id=\"4d5449d616ecffc89ec43465d94db3b9\"><\/ins>\n            <script async src=\"\/\/adserver.acidmoto.ch\/www\/delivery\/asyncjs.php\"><\/script><\/div>[vc_empty_space][\/vc_column][\/vc_row][vc_row][vc_column][vc_single_image image=\u00a0\u00bb23613&Prime; img_size=\u00a0\u00bbfull\u00a0\u00bb alignment=\u00a0\u00bbcenter\u00a0\u00bb onclick=\u00a0\u00bblink_image\u00a0\u00bb css=\u00a0\u00bb\u00a0\u00bb][vc_column_text css=\u00a0\u00bb\u00a0\u00bb]Sur chaque vente est convenue une commission pour le fonctionnement du magasin. Les articles confi\u00e9s profitent tous d&rsquo;une exposition pour \u00eatre vendus plus rapidement. Les nouveaut\u00e9s sont toujours post\u00e9es en story sur le <a href=\"https:\/\/www.instagram.com\/occazmotard\/\">compte instagram du magasin<\/a> (abonne-toi pour ne rien \u00e9chapper). Le compte regorge aussi de photos d&rsquo;articles vus en magasin, attention certains peuvent \u00eatre vendus.<\/p>\n<p>Il y a la possibilit\u00e9 de vendre un casque, mais sur cet \u00e9quipement sensible le contr\u00f4le d&rsquo;entr\u00e9e est ultra-rigoureux : \u00e2ge du casque, \u00e9tat des sagex \u00e0 l&rsquo;int\u00e9rieur, lumi\u00e8re rasante \u00e0 l&rsquo;ext\u00e9rieur pour bien voir chaque accro. Au moindre doute, ce sera pas en magasin. De plus, les clients peuvent \u00eatre r\u00e9ticents \u00e0 un casque d&rsquo;occasion. Souvent, ceux qui sont en rayons ont \u00e9t\u00e9 command\u00e9s et la taille ne convient pas, ceux-ci sont pour ainsi dire neufs.<\/p>\n<p>La liste des articles en vente est sur le site internet <a href=\"https:\/\/www.occaz-motard.ch\/pages\/catalogue.php\">occaz-motard.ch<\/a>, on peut y rep\u00e9rer son produit, mais pas encore l&rsquo;acheter en ligne. Les clients d\u00e9posants peuvent aussi suivre la vente de leur article, facilement sur le site avec le lien unique qu&rsquo;ils re\u00e7oivent.<\/p>\n<p>S\u00e9bastien nous dit aussi qu&rsquo;il ne connait pas v\u00e9ritablement de saison morte au magasin : hors saison, les gens ont parfois le temps de faire du tri et apportent de nouveaux articles, qui une fois publi\u00e9s peuvent d\u00e9p\u00eacher un nouveau client sur place, et ainsi de suite.<\/p>\n<p>Si vous souhaitez y vendre un article, consultez <a href=\"https:\/\/www.occaz-motard.ch\/pages\/page.php?slug=place-disponible-magasin\">la liste mis \u00e0 jour<\/a> des espaces disponibles avant de vous d\u00e9placer. Le magasin propose \u00e9galement aux personnes souhaitant vendre leurs articles de les annoncer via un formulaire sur le site Internet, puis de les exp\u00e9dier par La Poste. Ainsi, m\u00eame le d\u00e9placement n&rsquo;est pas obligatoire pour vendre ses \u00e9quipements (<a href=\"https:\/\/www.occaz-motard.ch\/pages\/depot\/expedier.php\">suivez la proc\u00e9dure sur le site<\/a>).[\/vc_column_text][vc_masonry_media_grid element_width=\u00a0\u00bb6&Prime; css=\u00a0\u00bb\u00a0\u00bb grid_id=\u00a0\u00bbvc_gid:1762764584091-9d4bba0a-c0fa-1&Prime; include=\u00a0\u00bb23617,23608&Prime;][\/vc_column][\/vc_row][vc_row][vc_column][vc_column_text css=\u00a0\u00bb\u00a0\u00bb]Un dernier service propos\u00e9 par Occaz-motard, c&rsquo;est l&rsquo;entretien des cuirs. De novembre \u00e0 avril, il est possible de confier sa seconde peau en magasin pour un nettoyage suivi d&rsquo;un soin sp\u00e9cifique pour prolonger la dur\u00e9e de vie de son \u00e9quipement. Pour seulement 50.-, on peut raviver sa combinaison 1 ou 2 pi\u00e8ces. Les casques aussi peuvent avoir une nouvelle fraicheur.<\/p>\n<p>Il faut compter 2 \u00e0 4 semaines pour que ce long travail manuel soit fait. Toutes les informations et les prix sont <a href=\"https:\/\/www.occaz-motard.ch\/pages\/page.php?slug=entretien-equipement\">sur le site \u00e9galement<\/a>.[\/vc_column_text][\/vc_column][\/vc_row][vc_row][vc_column]<div class=\"my-hello-element\"><!-- Revive Adserver Asynchronous JS Tag - Desktop -->\n            <ins data-revive-zoneid=\"55\" data-revive-id=\"4d5449d616ecffc89ec43465d94db3b9\"><\/ins>\n            <script async src=\"\/\/adserver.acidmoto.ch\/www\/delivery\/asyncjs.php\"><\/script><\/div>[vc_empty_space][\/vc_column][\/vc_row][vc_row el_id=\u00a0\u00bbgal\u00a0\u00bb][vc_column][vc_empty_space height=\u00a0\u00bb60px\u00a0\u00bb][vc_column_text]<\/p>\n<h2>GALERIE<\/h2>\n<p>[\/vc_column_text][vc_masonry_media_grid style=\u00a0\u00bblazy\u00a0\u00bb element_width=\u00a0\u00bb2&Prime; css=\u00a0\u00bb\u00a0\u00bb grid_id=\u00a0\u00bbvc_gid:1762764584091-61add6b1-4c9e-2&Prime; include=\u00a0\u00bb23607,23608,23609,23610,23611,23612,23613,23614,23615,23616,23617,23618,23619&Prime;][\/vc_column][\/vc_row]<\/p>\n<\/div>","protected":false},"excerpt":{"rendered":"<p>[vc_row][vc_column][vc_column_text css=\u00a0\u00bb\u00a0\u00bb] Dans la commune de Gibloux, \u00e0 Vuisternens en Ogoz, on trouve un magasin unique en Suisse et m\u00eame en Europe si on en croit ce qui est \u00e9crit sur la devanture. Ici est am\u00e9nag\u00e9e une boutique d\u00e9di\u00e9e aux \u00e9quipements moto. D\u00e8s qu&rsquo;on passe la porte, le tutoiement est de rigueur, comme nous l&rsquo;indique [&hellip;]<\/p>\n","protected":false},"author":2,"featured_media":23619,"comment_status":"closed","ping_status":"closed","sticky":false,"template":"","format":"standard","meta":{"_monsterinsights_skip_tracking":false,"_monsterinsights_sitenote_active":false,"_monsterinsights_sitenote_note":"","_monsterinsights_sitenote_category":0,"footnotes":""},"categories":[20,471],"tags":[588],"class_list":["post-23606","post","type-post","status-publish","format-standard","has-post-thumbnail","hentry","category-equipement","category-reportage","tag-588","xg_marques-occaz-motard"],"_links":{"self":[{"href":"https:\/\/acidmoto.ch\/site\/wp-json\/wp\/v2\/posts\/23606","targetHints":{"allow":["GET"]}}],"collection":[{"href":"https:\/\/acidmoto.ch\/site\/wp-json\/wp\/v2\/posts"}],"about":[{"href":"https:\/\/acidmoto.ch\/site\/wp-json\/wp\/v2\/types\/post"}],"author":[{"embeddable":true,"href":"https:\/\/acidmoto.ch\/site\/wp-json\/wp\/v2\/users\/2"}],"replies":[{"embeddable":true,"href":"https:\/\/acidmoto.ch\/site\/wp-json\/wp\/v2\/comments?post=23606"}],"version-history":[{"count":4,"href":"https:\/\/acidmoto.ch\/site\/wp-json\/wp\/v2\/posts\/23606\/revisions"}],"predecessor-version":[{"id":23626,"href":"https:\/\/acidmoto.ch\/site\/wp-json\/wp\/v2\/posts\/23606\/revisions\/23626"}],"wp:featuredmedia":[{"embeddable":true,"href":"https:\/\/acidmoto.ch\/site\/wp-json\/wp\/v2\/media\/23619"}],"wp:attachment":[{"href":"https:\/\/acidmoto.ch\/site\/wp-json\/wp\/v2\/media?parent=23606"}],"wp:term":[{"taxonomy":"category","embeddable":true,"href":"https:\/\/acidmoto.ch\/site\/wp-json\/wp\/v2\/categories?post=23606"},{"taxonomy":"post_tag","embeddable":true,"href":"https:\/\/acidmoto.ch\/site\/wp-json\/wp\/v2\/tags?post=23606"}],"curies":[{"name":"wp","href":"https:\/\/api.w.org\/{rel}","templated":true}]}}